{"id":474,"date":"2021-01-15T20:16:08","date_gmt":"2021-01-15T20:16:08","guid":{"rendered":"https:\/\/cobanlegal.pl\/?p=11"},"modified":"2024-07-14T17:21:08","modified_gmt":"2024-07-14T15:21:08","slug":"lacze-doswiadczenie-prawnicze-z-wyjatkowa-wiedza-na-temat-branzy-targowej-i-eventowej","status":"publish","type":"post","link":"https:\/\/arslanlawfirm.com\/es\/2021\/01\/15\/lacze-doswiadczenie-prawnicze-z-wyjatkowa-wiedza-na-temat-branzy-targowej-i-eventowej\/","title":{"rendered":"Combino la experiencia legal con un conocimiento \u00fanico de la industria de ferias y eventos."},"content":{"rendered":"<p><strong>Entrevista con la abogada Anna Arslan, quien dirige el bufete Arslan Legal, brindando servicios legales a clientes en la industria de ferias y eventos.<\/strong><\/p><p><em>Se\u00f1ora Abogada, \u00bfpor qu\u00e9 decidi\u00f3 dejar Ptak Warsaw Expo despu\u00e9s de tantos a\u00f1os?<\/em><br><strong>Anna Arslan<\/strong>:Esta decisi\u00f3n la he estado madurando durante mucho tiempo, ya que fue muy dif\u00edcil dejar algo que constru\u00ed con tanta dedicaci\u00f3n durante los \u00faltimos 5 a\u00f1os. Sin embargo, una crisis es un momento de cambio y verificaci\u00f3n, y sent\u00ed que ya hab\u00eda hecho lo que ten\u00eda que hacer en Ptak Warsaw Expo, y ahora es momento de seguir adelante y crecer en mi profesi\u00f3n.<\/p><p><em>\u00bfC\u00f3mo resumir\u00eda estos cinco a\u00f1os de colaboraci\u00f3n?<\/em><br><strong>A\u00c7<\/strong>: Comenc\u00e9 a trabajar en Ptak Warsaw Expo como abogada interna. Luego me convert\u00ed en Directora del Departamento Legal y, m\u00e1s tarde, me centr\u00e9 completamente en las ferias comerciales. Gestion\u00e9 el departamento de apoyo a ventas, dirig\u00ed personalmente algunos proyectos de ferias, manej\u00e9 el departamento de alquileres que trabajaba con organizadores externos, cre\u00e9 el departamento de visitantes y el departamento extranjero, que en menos de dos a\u00f1os logr\u00f3 grandes \u00e9xitos y estableci\u00f3 cooperaci\u00f3n no solo con agentes que tra\u00edan expositores extranjeros, sino tambi\u00e9n con los mayores organizadores de ferias internacionales. Finalmente, me convert\u00ed en Directora General.<\/p><p><em>Entonces, \u00bffue un per\u00edodo de trabajo intenso como gerente y abogada, mientras simult\u00e1neamente co-creaba las ofertas de ferias comerciales?<\/em><br><strong>A\u00c7<\/strong>: Los propietarios y la administraci\u00f3n de Ptak Warsaw Expo me dieron la oportunidad de crecer y adquirir experiencia en la industria, que pude aprender desde cero. Aprend\u00ed mucho sobre negocios, manejo de una empresa, gesti\u00f3n de personas y proyectos, y lo m\u00e1s importante, mucho sobre la industria de ferias comerciales. Comenc\u00e9 a trabajar en Ptak Warsaw Expo cuando el Expo se acababa de establecer, hace casi 5 a\u00f1os. En ese momento, hab\u00eda dos o tres ferias comerciales. En 2020, antes del estallido de la pandemia, se planificaron casi 50 eventos y otros 50 proyectos estaban en preparaci\u00f3n. Estoy orgullosa de haber sido parte de esto. Creo que Polonia tiene un gran potencial en la industria de ferias y eventos y es una puerta de entrada \u00fanica a esta parte de Europa.<\/p><p><em>\u00bfCu\u00e1les son sus planes para el futuro?<\/em><br><strong>A\u00c7<\/strong>: Despu\u00e9s de renunciar al puesto de Directora General en Ptak Warsaw Expo, me estoy centrando en desarrollar mi bufete de abogados, Arslan Legal. Sin embargo, no he dejado completamente la industria de ferias y eventos, ya que mi bufete brinda servicios legales a clientes de este sector.<br>Tengo un conocimiento excepcional de la industria de ferias y eventos y sus diversos aspectos, incluidos los legales. Durante muchos a\u00f1os, he estado preparando contratos y llevando a cabo negociaciones a nivel nacional e internacional, lo que me brinda una perspectiva \u00fanica sobre los negocios, especialmente sobre las ferias. Estoy constantemente al d\u00eda con lo que sucede en Polonia y en el mundo en esta industria. Observo con inter\u00e9s c\u00f3mo las ferias y eventos est\u00e1n volviendo a la vida lentamente, y estoy segura de que el a\u00f1o 2021 ser\u00e1 un verdadero auge en este sentido. Me gustar\u00eda usar mi conocimiento y experiencia legal para ofrecer a los clientes lo que les importa. El cliente presenta un objetivo comercial y el abogado debe encontrar la forma m\u00e1s adecuada de lograr ese objetivo. Como especialista en este campo y abogada independiente que dirige mi propio bufete, puedo ofrecer un apoyo integral legal y comercial para la industria de ferias. Mi bufete tambi\u00e9n proporciona servicios legales para agencias de eventos.<\/p><p>La entrevista completa est\u00e1 disponible en el sitio web: <a href=\"http:\/\/www.meetingplanner.pl\/artykuly\/wywiady\/art,129,anna-oban-lacze-doswiadczenie-prawnicze-z-wyjatkowa-wiedza-na-temat-branzy-targowej-i-eventowej.html\" target=\"_blank\" rel=\"noreferrer noopener\">http:\/\/www.meetingplanner.pl\/artykuly\/wywiady\/art,129,anna-oban-lacze-doswiadczenie-prawnicze-z-wyjatkowa-wiedza-na-temat-branzy-targowej-i-eventowej.html<\/a><\/p>","protected":false},"excerpt":{"rendered":"<p>Rozmowa z mecenas Ann\u0105 Arslan, kt\u00f3ra prowadzi Kancelari\u0119 Adwokack\u0105 Arslan Legal, \u015bwiadcz\u0105c\u0105 obs\u0142ug\u0119 prawn\u0105 klient\u00f3w z bran\u017cy targowej i eventowej. Pani Mecenas, dlaczego zdecydowa\u0142a si\u0119 Pani po tylu latach odej\u015b\u0107 z Ptak Warsaw Expo?Anna Arslan: Do decyzji tej dojrzewa\u0142am od d\u0142u\u017cszego czasu, bo bardzo ci\u0119\u017cko by\u0142o zostawi\u0107 co\u015b, co przez ostatnich 5 lat z takim [&hellip;]<\/p>","protected":false},"author":2,"featured_media":0,"comment_status":"closed","ping_status":"open","sticky":false,"template":"","format":"standard","meta":{"footnotes":""},"categories":[14],"tags":[],"class_list":["post-474","post","type-post","status-publish","format-standard","hentry","category-uncategorized"],"aioseo_notices":[],"_links":{"self":[{"href":"https:\/\/arslanlawfirm.com\/es\/wp-json\/wp\/v2\/posts\/474","targetHints":{"allow":["GET"]}}],"collection":[{"href":"https:\/\/arslanlawfirm.com\/es\/wp-json\/wp\/v2\/posts"}],"about":[{"href":"https:\/\/arslanlawfirm.com\/es\/wp-json\/wp\/v2\/types\/post"}],"author":[{"embeddable":true,"href":"https:\/\/arslanlawfirm.com\/es\/wp-json\/wp\/v2\/users\/2"}],"replies":[{"embeddable":true,"href":"https:\/\/arslanlawfirm.com\/es\/wp-json\/wp\/v2\/comments?post=474"}],"version-history":[{"count":1,"href":"https:\/\/arslanlawfirm.com\/es\/wp-json\/wp\/v2\/posts\/474\/revisions"}],"predecessor-version":[{"id":670,"href":"https:\/\/arslanlawfirm.com\/es\/wp-json\/wp\/v2\/posts\/474\/revisions\/670"}],"wp:attachment":[{"href":"https:\/\/arslanlawfirm.com\/es\/wp-json\/wp\/v2\/media?parent=474"}],"wp:term":[{"taxonomy":"category","embeddable":true,"href":"https:\/\/arslanlawfirm.com\/es\/wp-json\/wp\/v2\/categories?post=474"},{"taxonomy":"post_tag","embeddable":true,"href":"https:\/\/arslanlawfirm.com\/es\/wp-json\/wp\/v2\/tags?post=474"}],"curies":[{"name":"wp","href":"https:\/\/api.w.org\/{rel}","templated":true}]}}