{"id":473,"date":"2021-01-15T20:15:59","date_gmt":"2021-01-15T20:15:59","guid":{"rendered":"https:\/\/cobanlegal.pl\/?p=9"},"modified":"2024-07-14T17:21:08","modified_gmt":"2024-07-14T15:21:08","slug":"co-dalej-z-targami-szkoleniami-i-eventami","status":"publish","type":"post","link":"https:\/\/arslanlawfirm.com\/en\/2021\/01\/15\/co-dalej-z-targami-szkoleniami-i-eventami\/","title":{"rendered":"Co dalej z targami, szkoleniami i eventami?"},"content":{"rendered":"<p><strong>Mecenas Anna Arslan analizuje Rozporz\u0105dzenia Rady Ministr\u00f3w z dnia Rady Ministr\u00f3w z dnia 23 pa\u017adziernika 2020 r. zmieniaj\u0105cego rozporz\u0105dzenie w sprawie ustanowienia okre\u015blonych ogranicze\u0144, nakaz\u00f3w i zakaz\u00f3w w zwi\u0105zku z wyst\u0105pieniem stanu epidemii w zakresie dotycz\u0105cym organizacji targ\u00f3w, konferencji, szkole\u0144 i event\u00f3w.<\/strong><\/p><p><br><strong>I. TARGI, KONFERENCJE ORAZ KONGRESY<\/strong><br>Zgodnie z \u00a7 1 pkt 8 lit h Rozporz\u0105dzenia zmianie ulega \u00a7 6 ust. 15 Rozporz\u0105dzenia Rady Ministr\u00f3w w sprawie ustanowienia okre\u015blonych ogranicze\u0144, nakaz\u00f3w i zakaz\u00f3w w zwi\u0105zku z wyst\u0105pieniem stanu epidemii (Dz. U. poz. 1758, 1797 i 1829) do odwo\u0142ania prowadzenie przez przedsi\u0119biorc\u00f3w w rozumieniu przepis\u00f3w ustawy z dnia 6 marca 2018 r. \u2013 Prawo przedsi\u0119biorc\u00f3w oraz przez inne podmioty dzia\u0142alno\u015bci zwi\u0105zanej z organizacj\u0105, promocj\u0105 lub zarz\u0105dzaniem imprezami, takimi jak targi, wystawy, kongresy, konferencje, spotkania, w\u0142\u0105czaj\u0105c dzia\u0142alno\u015bci polegaj\u0105ce na zarz\u0105dzaniu i dostarczaniu pracownik\u00f3w do obs\u0142ugi teren\u00f3w i obiekt\u00f3w, w kt\u00f3rych te imprezy maj\u0105 miejsce (uj\u0119tej w Polskiej Klasyfikacji Dzia\u0142alno\u015bci w podklasie 82.30.Z), jest dopuszczalne, pod warunkiem realizowania tego rodzaju dzia\u0142alno\u015bci za po\u015brednictwem \u015brodk\u00f3w bezpo\u015bredniego porozumiewania si\u0119 na odleg\u0142o\u015b\u0107. W zwi\u0105zku z powy\u017cszym przepisem,&nbsp;<strong>do odwo\u0142ania, organizowanie targ\u00f3w i konferencji jest dozwolone, ale wy\u0142\u0105cznie online<\/strong>.<br><br>Nale\u017cy wskaza\u0107, \u017ce PKD 82.30.Z dotyczy dzia\u0142alno\u015b\u0107 zwi\u0105zana z organizacj\u0105 targ\u00f3w, wystaw i kongres\u00f3w. Podklasa ta obejmuje: organizacj\u0119, promocj\u0119 i\/lub zarz\u0105dzanie imprezami, takimi jak targi, wystawy, kongresy, konferencje, spotkania, w\u0142\u0105czaj\u0105c zarz\u0105dzanie i dostarczenie pracownik\u00f3w do obs\u0142ugi obiekt\u00f3w, w kt\u00f3rych te imprezy maj\u0105 miejsce.<br><br>Wyk\u0142adnia literalna tego przepisu oznacza, \u017ce&nbsp;<strong>zakaz ten obejmuje wszystkich przedsi\u0119biorc\u00f3w oraz inne podmioty, nie tylko takich, kt\u00f3rych dzia\u0142alno\u015b\u0107 jest okre\u015blona w Polskiej Klasyfikacji Dzia\u0142alno\u015bci w podklasie 82.30.Z.&nbsp;<\/strong>Przedsi\u0119biorca nieprowadz\u0105cy takiej wyspecjalizowanej dzia\u0142alno\u015bci, kt\u00f3ry chcia\u0142by przyk\u0142adowo zorganizowa\u0107 kongres albo targi, mo\u017ce zrobi\u0107 to jedynie za po\u015brednictwem \u015brodk\u00f3w bezpo\u015bredniego porozumiewania si\u0119 na odleg\u0142o\u015b\u0107.<br><br>Oznacza to r\u00f3wnie\u017c, \u017ce nie jest zakazana dzia\u0142alno\u015b\u0107 przedsi\u0119biorc\u00f3w, kt\u00f3rych g\u0142\u00f3wn\u0105 dzia\u0142alno\u015bci\u0105 jest organizacja targ\u00f3w i konferencji (PKD 82.30.Z), co znaczy, \u017ce opr\u00f3cz przeniesienia organizacji targ\u00f3w, kongres\u00f3w i konferencji online, mog\u0105 oni prowadzi\u0107 inn\u0105 dzia\u0142alno\u015b\u0107.<br>Przypominam r\u00f3wnie\u017c, \u017ce je\u015bli przedsi\u0119biorca nie ma zg\u0142oszonego danego rodzaju dzia\u0142alno\u015bci, nie oznacza to, \u017ce nie mo\u017ce go prowadzi\u0107. W przypadku os\u00f3b prowadz\u0105cych dzia\u0142alno\u015b\u0107 jednoosobow\u0105, maj\u0105 oni siedem dni na zg\u0142oszenie zmiany PKD w Centralnej Ewidencji i Informacji o Dzia\u0142alno\u015bci Gospodarczej (CEIDG). Natomiast osoby prowadz\u0105ce dzia\u0142alno\u015b\u0107 gospodarcz\u0105 w postaci sp\u00f3\u0142ek osobowych oraz kapita\u0142owych maj\u0105 r\u00f3wnie\u017c siedem dni na wprowadzenie zmian w umowach oraz aktach za\u0142o\u017cycielskich sp\u00f3\u0142ek, a nast\u0119pnie dokonanie zg\u0142oszenia zmian do rejestru przedsi\u0119biorc\u00f3w KRS.<br><br><strong>II. SZKOLENIA<\/strong><br>Rozporz\u0105dzenie nie odnosi si\u0119 wprost do organizacji szkole\u0144. Zgodnie z definicj\u0105 S\u0142ownika J\u0119zyka Polskiego, szkolenie, to cykl wyk\u0142ad\u00f3w z jakiego\u015b przedmiotu, zorganizowanych w celu uzupe\u0142nienia czyjego\u015b wykszta\u0142cenia lub czyich\u015b wiadomo\u015bci z jakiej\u015b dziedziny.<br>Nale\u017cy wi\u0119c rozwa\u017cy\u0107, czy w takiej sytuacji zastosowanie znajdzie wskazana w \u00a7 1 pkt 17 lit d Rozporz\u0105dzenia zmiana \u00a7 28 ust. 9 Rozporz\u0105dzenia Rady Ministr\u00f3w z dnia 9 pa\u017adziernika 2020 r. w sprawie ustanowienia okre\u015blonych ogranicze\u0144, nakaz\u00f3w i zakaz\u00f3w w zwi\u0105zku z wyst\u0105pieniem stanu epidemii (Dz. U. poz. 1758, 1797 i 1829), kt\u00f3ra stanowi, \u017ce do odwo\u0142ania zakazuje si\u0119 organizowania innych ni\u017c okre\u015blone w ust. 1 zgromadze\u0144 (czyli takich, kt\u00f3rych maksymalna liczba uczestnik\u00f3w nie mo\u017ce by\u0107 wi\u0119ksza ni\u017c 5;\u201d), w tym imprez, spotka\u0144 i zebra\u0144 niezale\u017cnie od ich rodzaju, z wy\u0142\u0105czeniem:<br>1) spotka\u0144 lub zebra\u0144 s\u0142u\u017cbowych i zawodowych;<br>2) imprez i spotka\u0144 do 20 os\u00f3b, kt\u00f3re odbywaj\u0105 si\u0119 w lokalu lub budynku wskazanym jako adres miejsca zamieszkania lub pobytu osoby, kt\u00f3ra organizuje imprez\u0119 lub spotkanie.<br><br>Po pierwsze nale\u017cy odpowiedzie\u0107 na pytanie, czy szkolenie jest zgromadzeniem innym ni\u017c to wskazane w ust. 1. Powo\u0142uj\u0105c si\u0119 na opini\u0119 prawn\u0105 z dnia 25 pa\u017adziernika 2020 r. w sprawie ograniczenia dzia\u0142alno\u015bci gastronomicznej i dzia\u0142alno\u015bci hoteli w zwi\u0105zku z Rozporz\u0105dzeniem Rady Ministr\u00f3w z dnia 23 pa\u017adziernika 2020 dr Karoliny Tet\u0142ak, kt\u00f3ra wskaza\u0142a w niej, \u017ce \u201eZgodnie ze S\u0142ownikiem J\u0119zyka Polskiego, wyra\u017cenie \u201ezgromadzenie\u201d oznacza:<\/p><ul class=\"wp-block-list\"><li>spotkanie wielu os\u00f3b po\u015bwi\u0119cone omawianiu jakich\u015b spraw<\/li>\n\n<li>du\u017c\u0105 grup\u0119 os\u00f3b zebranych w jakim\u015b miejscu<\/li>\n\n<li>grup\u0119 ludzi zwi\u0105zanych \u015blubami i \u017cyj\u0105cych wed\u0142ug \u015bci\u015ble okre\u015blonych zasad religijnych<\/li>\n\n<li>grup\u0119 ludzi reprezentuj\u0105cych jak\u0105\u015b spo\u0142eczno\u015b\u0107 i sprawuj\u0105cych w\u0142adz\u0119 w jej imieniu.<\/li><\/ul><p><br>Najszerszy zakres ma spos\u00f3b rozumienia poj\u0119cia zgromadzenia wskazany w pkt. 2 jako du\u017ca grupa os\u00f3b zebranych w jakim\u015b miejscu. Przyjmuj\u0105c najszersze rozumienie, nale\u017cy uzna\u0107, \u017ce zakazano wszelkich zebra\u0144 du\u017cych grup os\u00f3b w celach innych ni\u017c spotkania lub zebrania s\u0142u\u017cbowe i zawodowe, dla kt\u00f3rych nie okre\u015blono limitu uczestnik\u00f3w, a tak\u017ce imprez i spotka\u0144 do 20 os\u00f3b, kt\u00f3re odbywaj\u0105 si\u0119 w lokalu lub budynku wskazanym jako adres miejsca zamieszkania lub pobytu osoby, kt\u00f3ra organizuje imprez\u0119 lub spotkanie (czyli spotkanie domowe).<br><br>Kwestia, kt\u00f3r\u0105 nale\u017cy sprawdzi\u0107, to czy szkolenie&nbsp;nie b\u0119dzie stanowi\u0142o spotkania lub zebrania s\u0142u\u017cbowego, dla kt\u00f3rego przewidziane jest wy\u0142\u0105czenie stosowania \u00a7 28 ust. 9 rozporz\u0105dzenia. Bior\u0105c pod uwag\u0119 powo\u0142an\u0105 powy\u017cej definicj\u0119 szkolenia, nale\u017cy uzna\u0107, \u017ce w sytuacji, kiedy szkolenie dotyczy uzupe\u0142nienia wiedzy w zwi\u0105zku z wykonywaniem obowi\u0105zk\u00f3w s\u0142u\u017cbowych lub zawodowych, b\u0119dzie wtedy stanowi\u0142o wyj\u0105tek wskazany w Rozporz\u0105dzeniu.<br>Oznacza to, \u017ce Rozporz\u0105dzenie nie ogranicza spotka\u0144 s\u0142u\u017cbowych jedynie do formy online oraz spotkania te nie podlegaj\u0105 r\u00f3wnie\u017c ograniczeniom ilo\u015bciowym. Tym samym, szkolenia organizowane w zwi\u0105zku z wykonywaniem czynno\u015bci s\u0142u\u017cbowych lub zawodowych mog\u0105 nadal si\u0119 odbywa\u0107.<br><br>Powstaje pytanie, jaki jest limit os\u00f3b, kt\u00f3re mog\u0105 uczestniczy\u0107 w szkoleniach, kt\u00f3re mog\u0105 odbywa\u0107 si\u0119 stacjonarnie? Ustawodawca wprowadzi\u0142 limit 20 os\u00f3b na imprezach i spotkaniach w miejscu zamieszkania lub pobytu (\u00a7 28 ust. 9 pkt 2 Rozporz\u0105dzenia Rady Ministr\u00f3w z dnia 9 pa\u017adziernika 2020 r. w sprawie ustanowienia okre\u015blonych ogranicze\u0144, nakaz\u00f3w i zakaz\u00f3w w zwi\u0105zku z wyst\u0105pieniem stanu epidemii), a nie wprowadzi\u0142 takiego limitu w spotkaniach s\u0142u\u017cbowych. Konsekwencj\u0105 tego jest wi\u0119c brak limitu os\u00f3b uczestnicz\u0105cych w spotkaniach lub zebraniach s\u0142u\u017cbowych i zawodowych. Wobec powy\u017cszego, na szkoleniach, kt\u00f3re s\u0105 spotkaniami s\u0142u\u017cbowym nie ma ogranicze\u0144, je\u015bli chodzi o liczb\u0119 os\u00f3b uczestnicz\u0105cych.<br><br><strong>III. EVENTY<\/strong><br>W przypadku event\u00f3w, podobnie jak w przypadku szkole\u0144, brak jest \u015bcis\u0142ego odwo\u0142ania si\u0119 w Rozporz\u0105dzeniu do tego typu wydarze\u0144.<br>Definicja eventu nie zosta\u0142a wprost okre\u015blona w polskim ustawodawstwie. Sformu\u0142owanie event generalnie zast\u0119puje si\u0119 polskim s\u0142owem \u2013 wydarzenie. Tak r\u00f3wnie\u017c wskazuje si\u0119 w S\u0142owniku J\u0119zyka Polskiego. Natomiast w \u201eDobrym S\u0142owniku\u201d mo\u017cemy znale\u017a\u0107 nast\u0119puj\u0105c\u0105 definicj\u0119:&nbsp;<em>Event to zorganizowane wydarzenie s\u0142u\u017c\u0105ce jakiemu\u015b celowi, \u0142\u0105cz\u0105ce zwykle elementy zabawy, rekreacji i nauki, maj\u0105ce opracowany program, anga\u017cuj\u0105ce wykonawc\u00f3w, sponsor\u00f3w, patron\u00f3w, media itp.&nbsp;<\/em>Wydaje si\u0119, \u017ce jest to bardzo dobra i wyczerpuj\u0105ca definicja, poniewa\u017c samo polskie s\u0142owo \u201ewydarzenie\u201d nie oddaje zorganizowanego oraz celowego charakteru eventu.<br><br>Kluczowe w kwestii rozwa\u017cenia, czy i w jakim zakresie eventy mog\u0105 odbywa\u0107 si\u0119 w dobie pandemii koronawirusa stacjonarnie, jest podzielenie zagadnienia event, na kilka jego rodzaj\u00f3w. Mianowicie, od rodzaju eventu zale\u017ce\u0107 b\u0119dzie mo\u017cliwo\u015b\u0107 jego organizacji w trybie stacjonarnym.<br><br>Je\u015bli event przyjmie form\u0119: targ\u00f3w, wystaw, konferencji, wed\u0142ug zmienionego \u00a7 6 ust. 15 Rozporz\u0105dzenia Rady Ministr\u00f3w w sprawie ustanowienia okre\u015blonych ogranicze\u0144, nakaz\u00f3w i zakaz\u00f3w w zwi\u0105zku z wyst\u0105pieniem stanu epidemii (Dz. U. poz. 1758, 1797 i 1829), b\u0119dzie m\u00f3g\u0142 odbywa\u0107 si\u0119 wy\u0142\u0105cznie online.<br><br>Je\u015bli natomiast event b\u0119dzie mia\u0142 form\u0119 spotkania s\u0142u\u017cbowego, w\u00f3wczas na podstawie \u00a7 28 ust. 9 b\u0119dzie m\u00f3g\u0142 si\u0119 odby\u0107 stacjonarnie z zachowaniem re\u017cim\u00f3w sanitarnych (maseczki, dezynfekcja d\u0142oni).<br>Organizacja niekt\u00f3rych event\u00f3w, takich jak festiwale, koncerty s\u0105 do odwo\u0142ania zakazane w czasie pandemii.<br>Podsumowuj\u0105c, przepisy, kt\u00f3re b\u0119dziemy stosowa\u0107 do eventu, a tak\u017ce to, czy dany event b\u0119dzie m\u00f3g\u0142 by\u0107 zorganizowany stacjonarnie, zale\u017cy od rodzaju eventu.<\/p><p>The full interview is available on the website: <a href=\"http:\/\/www.meetingplanner.pl\/wiedza\/prawo\/art,54,anna-oban-co-dalej-z-targami-szkoleniami-i-eventami.html\" target=\"_blank\" rel=\"noreferrer noopener\">http:\/\/www.meetingplanner.pl\/wiedza\/prawo\/art,54,anna-oban-co-dalej-z-targami-szkoleniami-i-eventami.html<\/a><\/p>","protected":false},"excerpt":{"rendered":"<p>Mecenas Anna Arslan analizuje Rozporz\u0105dzenia Rady Ministr\u00f3w z dnia Rady Ministr\u00f3w z dnia 23 pa\u017adziernika 2020 r. zmieniaj\u0105cego rozporz\u0105dzenie w sprawie ustanowienia okre\u015blonych ogranicze\u0144, nakaz\u00f3w i zakaz\u00f3w w zwi\u0105zku z wyst\u0105pieniem stanu epidemii w zakresie dotycz\u0105cym organizacji targ\u00f3w, konferencji, szkole\u0144 i event\u00f3w. I. TARGI, KONFERENCJE ORAZ KONGRESYZgodnie z \u00a7 1 pkt 8 lit h Rozporz\u0105dzenia [&hellip;]<\/p>","protected":false},"author":2,"featured_media":0,"comment_status":"closed","ping_status":"open","sticky":false,"template":"","format":"standard","meta":{"footnotes":""},"categories":[14],"tags":[],"class_list":["post-473","post","type-post","status-publish","format-standard","hentry","category-uncategorized"],"aioseo_notices":[],"_links":{"self":[{"href":"https:\/\/arslanlawfirm.com\/en\/wp-json\/wp\/v2\/posts\/473","targetHints":{"allow":["GET"]}}],"collection":[{"href":"https:\/\/arslanlawfirm.com\/en\/wp-json\/wp\/v2\/posts"}],"about":[{"href":"https:\/\/arslanlawfirm.com\/en\/wp-json\/wp\/v2\/types\/post"}],"author":[{"embeddable":true,"href":"https:\/\/arslanlawfirm.com\/en\/wp-json\/wp\/v2\/users\/2"}],"replies":[{"embeddable":true,"href":"https:\/\/arslanlawfirm.com\/en\/wp-json\/wp\/v2\/comments?post=473"}],"version-history":[{"count":1,"href":"https:\/\/arslanlawfirm.com\/en\/wp-json\/wp\/v2\/posts\/473\/revisions"}],"predecessor-version":[{"id":671,"href":"https:\/\/arslanlawfirm.com\/en\/wp-json\/wp\/v2\/posts\/473\/revisions\/671"}],"wp:attachment":[{"href":"https:\/\/arslanlawfirm.com\/en\/wp-json\/wp\/v2\/media?parent=473"}],"wp:term":[{"taxonomy":"category","embeddable":true,"href":"https:\/\/arslanlawfirm.com\/en\/wp-json\/wp\/v2\/categories?post=473"},{"taxonomy":"post_tag","embeddable":true,"href":"https:\/\/arslanlawfirm.com\/en\/wp-json\/wp\/v2\/tags?post=473"}],"curies":[{"name":"wp","href":"https:\/\/api.w.org\/{rel}","templated":true}]}}