{"id":479,"date":"2024-03-06T11:24:30","date_gmt":"2024-03-06T11:24:30","guid":{"rendered":"https:\/\/arslanlawfirm.com\/?p=153"},"modified":"2024-07-14T17:21:07","modified_gmt":"2024-07-14T15:21:07","slug":"nadszedl-czas-sadowych-rozliczen-za-pandemie-przedsiebiorcy-liczyli-na-inne-wyroki","status":"publish","type":"post","link":"https:\/\/arslanlawfirm.com\/ar\/2024\/03\/06\/nadszedl-czas-sadowych-rozliczen-za-pandemie-przedsiebiorcy-liczyli-na-inne-wyroki\/","title":{"rendered":"\u0644\u0642\u062f \u062d\u0627\u0646 \u0648\u0642\u062a \u0627\u0644\u062a\u0633\u0648\u064a\u0627\u062a \u0627\u0644\u0642\u0636\u0627\u0626\u064a\u0629 \u0644\u0644\u0648\u0628\u0627\u0621. \u062a\u0648\u0642\u0639 \u0631\u0648\u0627\u062f \u0627\u0644\u0623\u0639\u0645\u0627\u0644 \u0623\u062d\u0643\u0627\u0645\u064b\u0627 \u0645\u062e\u062a\u0644\u0641\u0629"},"content":{"rendered":"<p>\u0627\u0646\u062a\u0638\u0631 \u0631\u062c\u0644 \u0623\u0639\u0645\u0627\u0644 \u0641\u064a \u0642\u0637\u0627\u0639 \u0627\u0644\u0641\u0646\u0627\u062f\u0642 \u0644\u0645\u062f\u0629 \u0639\u0627\u0645\u064a\u0646 \u0644\u0644\u062d\u0635\u0648\u0644 \u0639\u0644\u0649 \u062d\u0643\u0645 \u0645\u062d\u0643\u0645\u0629 \u0641\u064a \u0648\u0627\u0631\u0633\u0648\u060c \u0648\u0627\u0644\u0630\u064a \u0643\u0627\u0646 \u0645\u0646 \u0627\u0644\u0645\u0641\u062a\u0631\u0636 \u0623\u0646 \u064a\u0641\u062d\u0635 \u0627\u0644\u062e\u0633\u0627\u0626\u0631 \u0627\u0644\u062a\u064a \u062a\u0643\u0628\u062f\u0647\u0627 \u062e\u0644\u0627\u0644 \u0641\u062a\u0631\u0629 \u0627\u0644\u0625\u063a\u0644\u0627\u0642. \u0644\u0645 \u064a\u062d\u0635\u0644 \u062d\u062a\u0649 \u0639\u0644\u0649 \u062c\u0644\u0633\u0629 \u0627\u0633\u062a\u0645\u0627\u0639.<\/p><p>\u0635\u062f\u0631 \u0627\u0644\u062d\u0643\u0645 \u0641\u064a \u0633\u0628\u062a\u0645\u0628\u0631 \u0645\u0646 \u0642\u0628\u0644 \u0627\u0644\u0645\u062d\u0643\u0645\u0629 \u0627\u0644\u0645\u062d\u0644\u064a\u0629 \u0644\u0648\u0627\u0631\u0633\u0648-\u015ar\u00f3dmie\u015bcie.<\/p><h2 class=\"wp-block-heading\">\u0645\u0631\u062a \u0627\u0644\u062c\u0627\u0626\u062d\u0629\u060c \u0644\u0643\u0646 \u0627\u0644\u0645\u0634\u0627\u0643\u0644 \u0627\u0644\u0645\u0627\u0644\u064a\u0629 \u0644\u0627 \u062a\u0632\u0627\u0644 \u0642\u0627\u0626\u0645\u0629<\/h2><p>\u0631\u0641\u0639 \u0631\u062c\u0644 \u0623\u0639\u0645\u0627\u0644 \u0645\u0646 \u0643\u0631\u0627\u0643\u0648\u0641 \u062f\u0639\u0648\u0649 \u0642\u0636\u0627\u0626\u064a\u0629 \u0636\u062f \u062e\u0632\u0627\u0646\u0629 \u0627\u0644\u062f\u0648\u0644\u0629 \u0648\u0648\u0632\u064a\u0631 \u0627\u0644\u0635\u062d\u0629 \u0648\u0631\u0626\u064a\u0633 \u0648\u0632\u0627\u0631\u0629 \u0627\u0644\u062f\u0627\u062e\u0644\u064a\u0629 \u0648\u0627\u0644\u0625\u062f\u0627\u0631\u0629 \u0641\u064a \u0646\u0648\u0641\u0645\u0628\u0631 2021.<\/p><p><strong><a href=\"https:\/\/wyborcza.biz\/biznes\/7,177151,30405992,nadszedl-czas-sadowych-rozliczen-za-pandemie-przedsiebiorcy.html?fbclid=IwAR1ryJlOWis4bSgHhzwhaGSFmYPuxowybja1i1s7PW1h0qHvKv9TmcP5KBU\">\u0627\u0646\u0642\u0631 \u0647\u0646\u0627 \u0644\u0642\u0631\u0627\u0621\u0629 \u0627\u0644\u0645\u0642\u0627\u0644 \u0627\u0644\u0643\u0627\u0645\u0644. <\/a><\/strong><\/p>","protected":false},"excerpt":{"rendered":"<p>Dwa lata przedsi\u0119biorca hotelarski czeka\u0142 na wyrok s\u0105du w Warszawie, kt\u00f3ry mia\u0142 zbada\u0107 straty poniesione przez niego w lockdownie. Nie doczeka\u0142 si\u0119 nawet rozprawy. Wyrok zapad\u0142 we wrze\u015bniu w S\u0105dzie Rejonowym dla Warszawy-\u015ar\u00f3dmie\u015bcia. Pandemia min\u0119\u0142a, problemy finansowe zosta\u0142y Przedsi\u0119biorca z Krakowa pozwa\u0142 skarb pa\u0144stwa oraz ministra zdrowia, a tak\u017ce szefa resortu spraw wewn\u0119trznych i administracji [&hellip;]<\/p>","protected":false},"author":3,"featured_media":0,"comment_status":"closed","ping_status":"open","sticky":false,"template":"","format":"standard","meta":{"footnotes":""},"categories":[14],"tags":[],"class_list":["post-479","post","type-post","status-publish","format-standard","hentry","category-uncategorized"],"aioseo_notices":[],"_links":{"self":[{"href":"https:\/\/arslanlawfirm.com\/ar\/wp-json\/wp\/v2\/posts\/479","targetHints":{"allow":["GET"]}}],"collection":[{"href":"https:\/\/arslanlawfirm.com\/ar\/wp-json\/wp\/v2\/posts"}],"about":[{"href":"https:\/\/arslanlawfirm.com\/ar\/wp-json\/wp\/v2\/types\/post"}],"author":[{"embeddable":true,"href":"https:\/\/arslanlawfirm.com\/ar\/wp-json\/wp\/v2\/users\/3"}],"replies":[{"embeddable":true,"href":"https:\/\/arslanlawfirm.com\/ar\/wp-json\/wp\/v2\/comments?post=479"}],"version-history":[{"count":1,"href":"https:\/\/arslanlawfirm.com\/ar\/wp-json\/wp\/v2\/posts\/479\/revisions"}],"predecessor-version":[{"id":665,"href":"https:\/\/arslanlawfirm.com\/ar\/wp-json\/wp\/v2\/posts\/479\/revisions\/665"}],"wp:attachment":[{"href":"https:\/\/arslanlawfirm.com\/ar\/wp-json\/wp\/v2\/media?parent=479"}],"wp:term":[{"taxonomy":"category","embeddable":true,"href":"https:\/\/arslanlawfirm.com\/ar\/wp-json\/wp\/v2\/categories?post=479"},{"taxonomy":"post_tag","embeddable":true,"href":"https:\/\/arslanlawfirm.com\/ar\/wp-json\/wp\/v2\/tags?post=479"}],"curies":[{"name":"wp","href":"https:\/\/api.w.org\/{rel}","templated":true}]}}